{"id":9585,"date":"2022-03-16T15:16:15","date_gmt":"2022-03-16T14:16:15","guid":{"rendered":"https:\/\/www.noidentity.es\/el-viernes-18-de-marzo-se-estrena-el-mundo-es-vuestro-de-los-compadres-alfonso\/"},"modified":"2022-05-20T19:41:07","modified_gmt":"2022-05-20T17:41:07","slug":"viernes-18-de-marzo-estamos-de-estreno-en-el-mundo-es-vuestro","status":"publish","type":"post","link":"https:\/\/www.noidentity.es\/viernes-18-de-marzo-estamos-de-estreno-en-el-mundo-es-vuestro\/","title":{"rendered":"Viernes 18 de Marzo estamos de estreno en \u201cEl mundo es vuestro\u201d"},"content":{"rendered":"\n<div><span><\/p>\n<p>El Viernes 18 de Marzo se estrena \u201cEl mundo es vuestro\u201d de los compadres Alfonso S\u00e1nchez y Alberto Lopez y con <a rel=\"nofollow noopener\" target=\"_blank\" href=\"https:\/\/facebook.com\/joaquin.ortega.127?__tn__=%2As-R\">Joaqu\u00edn Ortega<\/a> como coordinador de acci\u00f3n del equipo NOIDENTITY. As\u00ed que todos al cine a reirse un poco con este pelicul\u00f3n!!!<\/p>\n<p><\/span><\/div>\n<p><a rel=\"nofollow noopener\" target=\"_blank\" href=\"https:\/\/facebook.com\/story.php?story_fbid=5051326634915410&amp;id=185080554873400&amp;m_entstream_source=timeline&amp;__tn__=%2As%2As-R\" aria-label=\"Abrir historia\" class=\"_5msj\"><\/a><\/p>\n<p><a rel=\"nofollow noopener\" target=\"_blank\" href=\"https:\/\/scontent-mad1-1.xx.fbcdn.net\/v\/t39.30808-6\/275744723_5051326901582050_6330330700598336128_n.jpg?_nc_cat=111&amp;ccb=1-5&amp;_nc_sid=8bfeb9&amp;_nc_ohc=CdY5uF48BcIAX-BYQtq&amp;_nc_ht=scontent-mad1-1.xx&amp;oh=00_AT80mm5Z5RAvS71A3ib2p2gZOC_bv6s7tI2-t6RseHt7sQ&amp;oe=623601D6\"><\/a><br \/>\n<a rel=\"nofollow noopener\" target=\"_blank\" href=\"https:\/\/scontent-mad1-1.xx.fbcdn.net\/v\/t39.30808-6\/275683167_5051326908248716_7449266489005034910_n.jpg?_nc_cat=100&amp;ccb=1-5&amp;_nc_sid=8bfeb9&amp;_nc_ohc=N91XU9te61gAX9wDYP0&amp;_nc_ht=scontent-mad1-1.xx&amp;oh=00_AT-5j3nklfj3dcRCCJw9jtyYhAnRkNCF7yRkKg5CH_xFyA&amp;oe=6236D6D3\"><img  class=\"wp_automatic_fb_img pk-lazyload\"  title=\"\"  src=\"data:image\/png;base64,iVBORw0KGgoAAAANSUhEUgAAAAEAAAABAQMAAAAl21bKAAAAA1BMVEUAAP+KeNJXAAAAAXRSTlMAQObYZgAAAAlwSFlzAAAOxAAADsQBlSsOGwAAAApJREFUCNdjYAAAAAIAAeIhvDMAAAAASUVORK5CYII=\"  data-pk-sizes=\"auto\"  data-pk-src=\"https:\/\/scontent-mad1-1.xx.fbcdn.net\/v\/t39.30808-6\/275683167_5051326908248716_7449266489005034910_n.jpg?_nc_cat=100&amp;ccb=1-5&amp;_nc_sid=8bfeb9&amp;_nc_ohc=N91XU9te61gAX9wDYP0&amp;_nc_ht=scontent-mad1-1.xx&amp;oh=00_AT-5j3nklfj3dcRCCJw9jtyYhAnRkNCF7yRkKg5CH_xFyA&amp;oe=6236D6D3\" ><\/a><br \/>\n\n<p><a href=\"https:\/\/www.facebook.com\/185080554873400\/posts\/5051326634915410\">NOIDENTITY<\/a><\/p>\n","protected":false},"excerpt":{"rendered":"<p>El Viernes 18 de Marzo se estrena \u201cEl mundo es vuestro\u201d de los compadres Alfonso S\u00e1nchez y Alberto Lopez y con Joaqu\u00edn Ortega como coordinador de acci\u00f3n del equipo NOIDENTITY.&hellip;<\/p>\n","protected":false},"author":1,"featured_media":9586,"comment_status":"open","ping_status":"closed","sticky":false,"template":"","format":"standard","meta":{"kt_blocks_editor_width":""},"categories":[1],"tags":[],"powerkit_post_featured":[],"yoast_head":"<!-- This site is optimized with the Yoast SEO Premium plugin v16.4 (Yoast SEO v16.4) - https:\/\/yoast.com\/wordpress\/plugins\/seo\/ -->\n<title>Viernes 18 de Marzo estamos de estreno en \u201cEl mundo es vuestro\u201d &raquo; NOIDENTITY Especialistas de Cine<\/title>\n<meta name=\"robots\" content=\"index, follow, max-snippet:-1, max-image-preview:large, max-video-preview:-1\" \/>\n<link rel=\"canonical\" href=\"https:\/\/www.noidentity.es\/viernes-18-de-marzo-estamos-de-estreno-en-el-mundo-es-vuestro\/\" \/>\n<meta property=\"og:locale\" content=\"es_ES\" \/>\n<meta property=\"og:type\" content=\"article\" \/>\n<meta property=\"og:title\" content=\"Viernes 18 de Marzo estamos de estreno en \u201cEl mundo es vuestro\u201d &raquo; NOIDENTITY Especialistas de Cine\" \/>\n<meta property=\"og:description\" content=\"El Viernes 18 de Marzo se estrena \u201cEl mundo es vuestro\u201d de los compadres Alfonso S\u00e1nchez y Alberto Lopez y con Joaqu\u00edn Ortega como coordinador de acci\u00f3n del equipo NOIDENTITY.&hellip;\" \/>\n<meta property=\"og:url\" content=\"https:\/\/www.noidentity.es\/viernes-18-de-marzo-estamos-de-estreno-en-el-mundo-es-vuestro\/\" \/>\n<meta property=\"og:site_name\" content=\"NOIDENTITY - Especialistas de Cine - Stunt Team\" \/>\n<meta property=\"article:publisher\" content=\"https:\/\/www.facebook.com\/NOIDENTITY.Films\/\" \/>\n<meta property=\"article:published_time\" content=\"2022-03-16T14:16:15+00:00\" \/>\n<meta property=\"article:modified_time\" content=\"2022-05-20T17:41:07+00:00\" \/>\n<meta property=\"og:image\" content=\"https:\/\/www.noidentity.es\/ke-media\/2022\/03\/El-Viernes-18-de-Marzo-se-estrena-El-mundo-es.jpg\" \/>\n\t<meta property=\"og:image:width\" content=\"1080\" \/>\n\t<meta property=\"og:image:height\" content=\"1080\" \/>\n<meta name=\"twitter:card\" content=\"summary_large_image\" \/>\n<meta name=\"twitter:creator\" content=\"@noidentityfilms\" \/>\n<meta name=\"twitter:site\" content=\"@noidentityfilms\" \/>\n<meta name=\"twitter:label1\" content=\"Tiempo de lectura\" \/>\n\t<meta name=\"twitter:data1\" content=\"1 minuto\" \/>\n<!-- \/ Yoast SEO Premium plugin. -->","amp_validity":null,"amp_enabled":true,"_links":{"self":[{"href":"https:\/\/www.noidentity.es\/ke-apps-a\/wp\/v2\/posts\/9585"}],"collection":[{"href":"https:\/\/www.noidentity.es\/ke-apps-a\/wp\/v2\/posts"}],"about":[{"href":"https:\/\/www.noidentity.es\/ke-apps-a\/wp\/v2\/types\/post"}],"author":[{"embeddable":true,"href":"https:\/\/www.noidentity.es\/ke-apps-a\/wp\/v2\/users\/1"}],"replies":[{"embeddable":true,"href":"https:\/\/www.noidentity.es\/ke-apps-a\/wp\/v2\/comments?post=9585"}],"version-history":[{"count":2,"href":"https:\/\/www.noidentity.es\/ke-apps-a\/wp\/v2\/posts\/9585\/revisions"}],"predecessor-version":[{"id":9605,"href":"https:\/\/www.noidentity.es\/ke-apps-a\/wp\/v2\/posts\/9585\/revisions\/9605"}],"wp:featuredmedia":[{"embeddable":true,"href":"https:\/\/www.noidentity.es\/ke-apps-a\/wp\/v2\/media\/9586"}],"wp:attachment":[{"href":"https:\/\/www.noidentity.es\/ke-apps-a\/wp\/v2\/media?parent=9585"}],"wp:term":[{"taxonomy":"category","embeddable":true,"href":"https:\/\/www.noidentity.es\/ke-apps-a\/wp\/v2\/categories?post=9585"},{"taxonomy":"post_tag","embeddable":true,"href":"https:\/\/www.noidentity.es\/ke-apps-a\/wp\/v2\/tags?post=9585"},{"taxonomy":"powerkit_post_featured","embeddable":true,"href":"https:\/\/www.noidentity.es\/ke-apps-a\/wp\/v2\/powerkit_post_featured?post=9585"}],"curies":[{"name":"wp","href":"https:\/\/api.w.org\/{rel}","templated":true}]}}