{"id":9521,"date":"2021-12-05T13:06:00","date_gmt":"2021-12-05T12:06:00","guid":{"rendered":"https:\/\/www.noidentity.es\/1a-edicion-de-los-premios-carmen-con-sello-noidentity\/"},"modified":"2021-12-05T13:06:00","modified_gmt":"2021-12-05T12:06:00","slug":"1a-edicion-de-los-premios-carmen-con-sello-noidentity","status":"publish","type":"post","link":"https:\/\/www.noidentity.es\/1a-edicion-de-los-premios-carmen-con-sello-noidentity\/","title":{"rendered":"1\u00aa edici\u00f3n de los premios \u201cCarmen\u201d con sello NOIDENTITY!!!"},"content":{"rendered":"\n<div><span data-sigil=\"expose\"><\/p>\n<p> <a rel=\"nofollow noopener\" target=\"_blank\" href=\"https:\/\/facebook.com\/joaquin.ortega.127?__tn__=%2As-R\">Joaqu\u00edn Ortega<\/a>, nuestro director y miembro numerario de la Academia de Cine de Andaluc\u00eda ya ha ejercido su derecho al voto en todas las categor\u00edas de<\/span><span class=\"text_exposed_show\"> esta primera edici\u00f3n de los premios \u201cCarmen\u201d que tendr\u00e1 lugar el 29 de Enero en M\u00e1laga.<br \/> Orgullosos de los trabajos con nuestro equipo NOIDENTITY-Especialistas de cine en 4 de las pel\u00edculas favoritas de esta primera edici\u00f3n: \u201cHombre muerto no sabe vivir\u201d, \u201cLa mancha negra\u201d, \u201cLa hija\u201d y \u201cAlegr\u00eda\u201d. Y por otro lado estamos tristes porque de nuevo se sigue sin valorar nuestro gremio. Premios para tod@s menos para nosotros los especialistas. En fin&#8230; Seguimos adelante!!!<\/span><\/p>\n<div class=\"text_exposed_show\">\n<p> <a rel=\"nofollow noopener\" target=\"_blank\" href=\"https:\/\/lm.facebook.com\/l.php?u=https%3A%2F%2Facademiacineandalucia.com%2F%3Ffbclid%3DIwAR1JrcMskh158uMkF3LE_Cx6knJrKOODTHnLCqqImAYv7MkE_PuisiZuotA&amp;h=AT2oruMNAJdnbcI8hjGHsSEP8VVlLB52C-skqR6z-ytOs2ldEFjAcWPmxPf3PBJATtOVIoMIjNcCPWQTL6lzGU9EBgwIZuUuF_mJXyl6MexGyprhsHzgaJK5O_gQdpO2myfi2d9Q4CtnY0-VActiWm-utPBE\" data-sigil=\"MLynx_asynclazy\">https:\/\/academiacineandalucia.com<\/a><\/p>\n<\/div>\n<p><\/span><\/div>\n<p><a rel=\"nofollow noopener\" target=\"_blank\" href=\"https:\/\/facebook.com\/story.php?story_fbid=4704050689643008&amp;id=185080554873400&amp;m_entstream_source=timeline&amp;__tn__=%2As%2As-R\" aria-label=\"Abrir historia\" class=\"_5msj\"><\/a><\/p>\n\n<br \/><a href=\"https:\/\/www.facebook.com\/185080554873400\/posts\/4704050689643008\">NOIDENTITY<\/a>  <\/p>\n","protected":false},"excerpt":{"rendered":"<p>Joaqu\u00edn Ortega, nuestro director y miembro numerario de la Academia de Cine de Andaluc\u00eda ya ha ejercido su derecho al voto en todas las categor\u00edas de esta primera edici\u00f3n de&hellip;<\/p>\n","protected":false},"author":1,"featured_media":9522,"comment_status":"open","ping_status":"closed","sticky":false,"template":"","format":"standard","meta":{"kt_blocks_editor_width":""},"categories":[1],"tags":[],"powerkit_post_featured":[],"yoast_head":"<!-- This site is optimized with the Yoast SEO Premium plugin v16.4 (Yoast SEO v16.4) - https:\/\/yoast.com\/wordpress\/plugins\/seo\/ -->\n<title>1\u00aa edici\u00f3n de los premios \u201cCarmen\u201d con sello NOIDENTITY!!! &raquo; NOIDENTITY Especialistas de Cine<\/title>\n<meta name=\"robots\" content=\"index, follow, max-snippet:-1, max-image-preview:large, max-video-preview:-1\" \/>\n<link rel=\"canonical\" href=\"https:\/\/www.noidentity.es\/1a-edicion-de-los-premios-carmen-con-sello-noidentity\/\" \/>\n<meta property=\"og:locale\" content=\"es_ES\" \/>\n<meta property=\"og:type\" content=\"article\" \/>\n<meta property=\"og:title\" content=\"1\u00aa edici\u00f3n de los premios \u201cCarmen\u201d con sello NOIDENTITY!!! &raquo; NOIDENTITY Especialistas de Cine\" \/>\n<meta property=\"og:description\" content=\"Joaqu\u00edn Ortega, nuestro director y miembro numerario de la Academia de Cine de Andaluc\u00eda ya ha ejercido su derecho al voto en todas las categor\u00edas de esta primera edici\u00f3n de&hellip;\" \/>\n<meta property=\"og:url\" content=\"https:\/\/www.noidentity.es\/1a-edicion-de-los-premios-carmen-con-sello-noidentity\/\" \/>\n<meta property=\"og:site_name\" content=\"NOIDENTITY - Especialistas de Cine - Stunt Team\" \/>\n<meta property=\"article:publisher\" content=\"https:\/\/www.facebook.com\/NOIDENTITY.Films\/\" \/>\n<meta property=\"article:published_time\" content=\"2021-12-05T12:06:00+00:00\" \/>\n<meta name=\"twitter:card\" content=\"summary_large_image\" \/>\n<meta name=\"twitter:creator\" content=\"@noidentityfilms\" \/>\n<meta name=\"twitter:site\" content=\"@noidentityfilms\" \/>\n<meta name=\"twitter:label1\" content=\"Tiempo de lectura\" \/>\n\t<meta name=\"twitter:data1\" content=\"1 minuto\" \/>\n<!-- \/ Yoast SEO Premium plugin. -->","amp_validity":null,"amp_enabled":true,"_links":{"self":[{"href":"https:\/\/www.noidentity.es\/ke-apps-a\/wp\/v2\/posts\/9521"}],"collection":[{"href":"https:\/\/www.noidentity.es\/ke-apps-a\/wp\/v2\/posts"}],"about":[{"href":"https:\/\/www.noidentity.es\/ke-apps-a\/wp\/v2\/types\/post"}],"author":[{"embeddable":true,"href":"https:\/\/www.noidentity.es\/ke-apps-a\/wp\/v2\/users\/1"}],"replies":[{"embeddable":true,"href":"https:\/\/www.noidentity.es\/ke-apps-a\/wp\/v2\/comments?post=9521"}],"version-history":[{"count":0,"href":"https:\/\/www.noidentity.es\/ke-apps-a\/wp\/v2\/posts\/9521\/revisions"}],"wp:featuredmedia":[{"embeddable":true,"href":"https:\/\/www.noidentity.es\/ke-apps-a\/wp\/v2\/media\/9522"}],"wp:attachment":[{"href":"https:\/\/www.noidentity.es\/ke-apps-a\/wp\/v2\/media?parent=9521"}],"wp:term":[{"taxonomy":"category","embeddable":true,"href":"https:\/\/www.noidentity.es\/ke-apps-a\/wp\/v2\/categories?post=9521"},{"taxonomy":"post_tag","embeddable":true,"href":"https:\/\/www.noidentity.es\/ke-apps-a\/wp\/v2\/tags?post=9521"},{"taxonomy":"powerkit_post_featured","embeddable":true,"href":"https:\/\/www.noidentity.es\/ke-apps-a\/wp\/v2\/powerkit_post_featured?post=9521"}],"curies":[{"name":"wp","href":"https:\/\/api.w.org\/{rel}","templated":true}]}}