{"id":9512,"date":"2021-11-25T13:25:04","date_gmt":"2021-11-25T12:25:04","guid":{"rendered":"https:\/\/www.noidentity.es\/manana-viernes-26-de-noviembre-se-estrena-en-cines-la-pelicula-la-hija-del-dir\/"},"modified":"2021-11-30T21:57:35","modified_gmt":"2021-11-30T20:57:35","slug":"estreno-en-cines-la-pelicula-la-hija-del-director-manuel-martin-cuenca","status":"publish","type":"post","link":"https:\/\/www.noidentity.es\/estreno-en-cines-la-pelicula-la-hija-del-director-manuel-martin-cuenca\/","title":{"rendered":"Estreno en cines la pel\u00edcula \u201cLa hija\u201d del director Manuel Mart\u00edn Cuenca"},"content":{"rendered":"\n<p><div><span><\/p>\n<p>Ma\u00f1ana Viernes 26 de Noviembre se estrena en cines la pel\u00edcula \u201cLa hija\u201d del director Manuel Mart\u00edn Cuenca y en la que nuestro equipo NOIDENTITY-Especialistas de cine ha sido el encargado de las escenas de acci\u00f3n y armer\u00eda!!!<\/p>\n<p><\/span><\/div>\n<p><a rel=\"nofollow noopener\" target=\"_blank\" href=\"https:\/\/facebook.com\/story.php?story_fbid=4671461756235235&amp;id=185080554873400&amp;m_entstream_source=timeline&amp;__tn__=%2As%2As-R\" aria-label=\"Abrir historia\" class=\"_5msj\"><\/a>\n<\/p>\n\n<br \/><a href=\"https:\/\/www.facebook.com\/185080554873400\/posts\/4671461756235235\">NOIDENTITY<\/a>  <\/p>\n","protected":false},"excerpt":{"rendered":"<p>Ma\u00f1ana Viernes 26 de Noviembre se estrena en cines la pel\u00edcula \u201cLa hija\u201d del director Manuel Mart\u00edn Cuenca y en la que nuestro equipo NOIDENTITY-Especialistas de cine ha sido el&hellip;<\/p>\n","protected":false},"author":1,"featured_media":9513,"comment_status":"open","ping_status":"closed","sticky":false,"template":"","format":"standard","meta":{"kt_blocks_editor_width":""},"categories":[1],"tags":[],"powerkit_post_featured":[],"yoast_head":"<!-- This site is optimized with the Yoast SEO Premium plugin v16.4 (Yoast SEO v16.4) - https:\/\/yoast.com\/wordpress\/plugins\/seo\/ -->\n<title>Estreno en cines la pel\u00edcula \u201cLa hija\u201d del director Manuel Mart\u00edn Cuenca &raquo; NOIDENTITY Especialistas de Cine<\/title>\n<meta name=\"robots\" content=\"index, follow, max-snippet:-1, max-image-preview:large, max-video-preview:-1\" \/>\n<link rel=\"canonical\" href=\"https:\/\/www.noidentity.es\/estreno-en-cines-la-pelicula-la-hija-del-director-manuel-martin-cuenca\/\" \/>\n<meta property=\"og:locale\" content=\"es_ES\" \/>\n<meta property=\"og:type\" content=\"article\" \/>\n<meta property=\"og:title\" content=\"Estreno en cines la pel\u00edcula \u201cLa hija\u201d del director Manuel Mart\u00edn Cuenca &raquo; NOIDENTITY Especialistas de Cine\" \/>\n<meta property=\"og:description\" content=\"Ma\u00f1ana Viernes 26 de Noviembre se estrena en cines la pel\u00edcula \u201cLa hija\u201d del director Manuel Mart\u00edn Cuenca y en la que nuestro equipo NOIDENTITY-Especialistas de cine ha sido el&hellip;\" \/>\n<meta property=\"og:url\" content=\"https:\/\/www.noidentity.es\/estreno-en-cines-la-pelicula-la-hija-del-director-manuel-martin-cuenca\/\" \/>\n<meta property=\"og:site_name\" content=\"NOIDENTITY - Especialistas de Cine - Stunt Team\" \/>\n<meta property=\"article:publisher\" content=\"https:\/\/www.facebook.com\/NOIDENTITY.Films\/\" \/>\n<meta property=\"article:published_time\" content=\"2021-11-25T12:25:04+00:00\" \/>\n<meta property=\"article:modified_time\" content=\"2021-11-30T20:57:35+00:00\" \/>\n<meta property=\"og:image\" content=\"https:\/\/www.noidentity.es\/ke-media\/2021\/11\/Manana-Viernes-26-de-Noviembre-se-estrena-en-cines-la.png\" \/>\n\t<meta property=\"og:image:width\" content=\"720\" \/>\n\t<meta property=\"og:image:height\" content=\"360\" \/>\n<meta name=\"twitter:card\" content=\"summary_large_image\" \/>\n<meta name=\"twitter:creator\" content=\"@noidentityfilms\" \/>\n<meta name=\"twitter:site\" content=\"@noidentityfilms\" \/>\n<!-- \/ Yoast SEO Premium plugin. -->","amp_validity":null,"amp_enabled":true,"_links":{"self":[{"href":"https:\/\/www.noidentity.es\/ke-apps-a\/wp\/v2\/posts\/9512"}],"collection":[{"href":"https:\/\/www.noidentity.es\/ke-apps-a\/wp\/v2\/posts"}],"about":[{"href":"https:\/\/www.noidentity.es\/ke-apps-a\/wp\/v2\/types\/post"}],"author":[{"embeddable":true,"href":"https:\/\/www.noidentity.es\/ke-apps-a\/wp\/v2\/users\/1"}],"replies":[{"embeddable":true,"href":"https:\/\/www.noidentity.es\/ke-apps-a\/wp\/v2\/comments?post=9512"}],"version-history":[{"count":1,"href":"https:\/\/www.noidentity.es\/ke-apps-a\/wp\/v2\/posts\/9512\/revisions"}],"predecessor-version":[{"id":9515,"href":"https:\/\/www.noidentity.es\/ke-apps-a\/wp\/v2\/posts\/9512\/revisions\/9515"}],"wp:featuredmedia":[{"embeddable":true,"href":"https:\/\/www.noidentity.es\/ke-apps-a\/wp\/v2\/media\/9513"}],"wp:attachment":[{"href":"https:\/\/www.noidentity.es\/ke-apps-a\/wp\/v2\/media?parent=9512"}],"wp:term":[{"taxonomy":"category","embeddable":true,"href":"https:\/\/www.noidentity.es\/ke-apps-a\/wp\/v2\/categories?post=9512"},{"taxonomy":"post_tag","embeddable":true,"href":"https:\/\/www.noidentity.es\/ke-apps-a\/wp\/v2\/tags?post=9512"},{"taxonomy":"powerkit_post_featured","embeddable":true,"href":"https:\/\/www.noidentity.es\/ke-apps-a\/wp\/v2\/powerkit_post_featured?post=9512"}],"curies":[{"name":"wp","href":"https:\/\/api.w.org\/{rel}","templated":true}]}}