{"id":9486,"date":"2021-11-09T21:18:10","date_gmt":"2021-11-09T20:18:10","guid":{"rendered":"https:\/\/www.noidentity.es\/para-los-que-esteis-en-huelva-os-animamos-a-pasaros-por-el-festival-de-cine-de\/"},"modified":"2021-11-15T20:51:32","modified_gmt":"2021-11-15T19:51:32","slug":"hombre-muerto-no-sabe-vivir-en-el-festival-de-cine-de-huelva","status":"publish","type":"post","link":"https:\/\/www.noidentity.es\/hombre-muerto-no-sabe-vivir-en-el-festival-de-cine-de-huelva\/","title":{"rendered":"\u201cHombre muerto no sabe vivir\u201d en el Festival de Cine de Huelva!!!"},"content":{"rendered":"\nPara los que est\u00e9is en Huelva, os animamos a pasaros por el Festival de cine de Huelva (Cine Iberoamericano), donde adem\u00e1s de toda la programaci\u00f3n de de este a\u00f1o, pod\u00e9is disfrutar de la pel\u00edcula \u201cHombre muerto no sabe vivir\u201d del director Ezekiel Montes y en la que pod\u00e9is ver en acci\u00f3n a nuestro equipo NOIDENTITY-Especialistas de cine!!!<\/p>\n<p>www.facebook.com\/festicinehuelva\/<\/p>\n<p><a rel=\"nofollow noopener\" target=\"_blank\" href=\"https:\/\/scontent-mad1-1.xx.fbcdn.net\/v\/t39.30808-6\/255010661_4620467468001331_6257618914612945761_n.jpg?_nc_cat=111&amp;ccb=1-5&amp;_nc_sid=8bfeb9&amp;_nc_ohc=apam5_X4SF4AX8C4Dap&amp;_nc_ht=scontent-mad1-1.xx&amp;oh=38118c5b77a9d588e11b0e9464ba66c7&amp;oe=61907093\"><\/a><br \/>\n<a rel=\"nofollow noopener\" target=\"_blank\" href=\"https:\/\/scontent-mad1-1.xx.fbcdn.net\/v\/t39.30808-6\/252007801_4620467461334665_6201628744819114598_n.jpg?_nc_cat=102&amp;ccb=1-5&amp;_nc_sid=8bfeb9&amp;_nc_ohc=ga7psZ5OsxIAX_k1rhH&amp;_nc_ht=scontent-mad1-1.xx&amp;oh=7e7d29d6d62ef51ecd915bc18079f5ec&amp;oe=618FE989\"><img  class=\"wp_automatic_fb_img pk-lazyload\"  title=\"\"  src=\"data:image\/png;base64,iVBORw0KGgoAAAANSUhEUgAAAAEAAAABAQMAAAAl21bKAAAAA1BMVEUAAP+KeNJXAAAAAXRSTlMAQObYZgAAAAlwSFlzAAAOxAAADsQBlSsOGwAAAApJREFUCNdjYAAAAAIAAeIhvDMAAAAASUVORK5CYII=\"  data-pk-sizes=\"auto\"  data-pk-src=\"https:\/\/scontent-mad1-1.xx.fbcdn.net\/v\/t39.30808-6\/252007801_4620467461334665_6201628744819114598_n.jpg?_nc_cat=102&amp;ccb=1-5&amp;_nc_sid=8bfeb9&amp;_nc_ohc=ga7psZ5OsxIAX_k1rhH&amp;_nc_ht=scontent-mad1-1.xx&amp;oh=7e7d29d6d62ef51ecd915bc18079f5ec&amp;oe=618FE989\" ><\/a><br \/>\n<a rel=\"nofollow noopener\" target=\"_blank\" href=\"https:\/\/scontent-mad1-1.xx.fbcdn.net\/v\/t39.30808-6\/255726691_4620467594667985_619097811026122476_n.jpg?_nc_cat=111&amp;ccb=1-5&amp;_nc_sid=8bfeb9&amp;_nc_ohc=8cq1m23wEpwAX8IPom9&amp;_nc_ht=scontent-mad1-1.xx&amp;oh=620a0edd2508e3fd363a4e69620b0ba4&amp;oe=618FE6C7\"><img  class=\"wp_automatic_fb_img pk-lazyload\"  title=\"\"  src=\"data:image\/png;base64,iVBORw0KGgoAAAANSUhEUgAAAAEAAAABAQMAAAAl21bKAAAAA1BMVEUAAP+KeNJXAAAAAXRSTlMAQObYZgAAAAlwSFlzAAAOxAAADsQBlSsOGwAAAApJREFUCNdjYAAAAAIAAeIhvDMAAAAASUVORK5CYII=\"  data-pk-sizes=\"auto\"  data-pk-src=\"https:\/\/scontent-mad1-1.xx.fbcdn.net\/v\/t39.30808-6\/255726691_4620467594667985_619097811026122476_n.jpg?_nc_cat=111&amp;ccb=1-5&amp;_nc_sid=8bfeb9&amp;_nc_ohc=8cq1m23wEpwAX8IPom9&amp;_nc_ht=scontent-mad1-1.xx&amp;oh=620a0edd2508e3fd363a4e69620b0ba4&amp;oe=618FE6C7\" ><\/a><br \/>\n\n<p><a href=\"https:\/\/www.facebook.com\/185080554873400\/posts\/4620467264668018\">NOIDENTITY<\/a><\/p>\n","protected":false},"excerpt":{"rendered":"<p>Para los que est\u00e9is en Huelva, os animamos a pasaros por el Festival de cine de Huelva (Cine Iberoamericano), donde adem\u00e1s de toda la programaci\u00f3n de de este a\u00f1o, pod\u00e9is&hellip;<\/p>\n","protected":false},"author":1,"featured_media":9487,"comment_status":"open","ping_status":"closed","sticky":false,"template":"","format":"standard","meta":{"kt_blocks_editor_width":""},"categories":[1],"tags":[],"powerkit_post_featured":[],"yoast_head":"<!-- This site is optimized with the Yoast SEO Premium plugin v16.4 (Yoast SEO v16.4) - https:\/\/yoast.com\/wordpress\/plugins\/seo\/ -->\n<title>\u201cHombre muerto no sabe vivir\u201d en el Festival de Cine de Huelva!!! &raquo; NOIDENTITY Especialistas de Cine<\/title>\n<meta name=\"robots\" content=\"index, follow, max-snippet:-1, max-image-preview:large, max-video-preview:-1\" \/>\n<link rel=\"canonical\" href=\"https:\/\/www.noidentity.es\/hombre-muerto-no-sabe-vivir-en-el-festival-de-cine-de-huelva\/\" \/>\n<meta property=\"og:locale\" content=\"es_ES\" \/>\n<meta property=\"og:type\" content=\"article\" \/>\n<meta property=\"og:title\" content=\"\u201cHombre muerto no sabe vivir\u201d en el Festival de Cine de Huelva!!! &raquo; NOIDENTITY Especialistas de Cine\" \/>\n<meta property=\"og:description\" content=\"Para los que est\u00e9is en Huelva, os animamos a pasaros por el Festival de cine de Huelva (Cine Iberoamericano), donde adem\u00e1s de toda la programaci\u00f3n de de este a\u00f1o, pod\u00e9is&hellip;\" \/>\n<meta property=\"og:url\" content=\"https:\/\/www.noidentity.es\/hombre-muerto-no-sabe-vivir-en-el-festival-de-cine-de-huelva\/\" \/>\n<meta property=\"og:site_name\" content=\"NOIDENTITY - Especialistas de Cine - Stunt Team\" \/>\n<meta property=\"article:publisher\" content=\"https:\/\/www.facebook.com\/NOIDENTITY.Films\/\" \/>\n<meta property=\"article:published_time\" content=\"2021-11-09T20:18:10+00:00\" \/>\n<meta property=\"article:modified_time\" content=\"2021-11-15T19:51:32+00:00\" \/>\n<meta property=\"og:image\" content=\"https:\/\/www.noidentity.es\/ke-media\/2021\/11\/Para-los-que-esteis-en-Huelva-os-animamos-a-pasaros.jpg\" \/>\n\t<meta property=\"og:image:width\" content=\"1079\" \/>\n\t<meta property=\"og:image:height\" content=\"1081\" \/>\n<meta name=\"twitter:card\" content=\"summary_large_image\" \/>\n<meta name=\"twitter:creator\" content=\"@noidentityfilms\" \/>\n<meta name=\"twitter:site\" content=\"@noidentityfilms\" \/>\n<meta name=\"twitter:label1\" content=\"Tiempo de lectura\" \/>\n\t<meta name=\"twitter:data1\" content=\"1 minuto\" \/>\n<!-- \/ Yoast SEO Premium plugin. -->","amp_validity":null,"amp_enabled":true,"_links":{"self":[{"href":"https:\/\/www.noidentity.es\/ke-apps-a\/wp\/v2\/posts\/9486"}],"collection":[{"href":"https:\/\/www.noidentity.es\/ke-apps-a\/wp\/v2\/posts"}],"about":[{"href":"https:\/\/www.noidentity.es\/ke-apps-a\/wp\/v2\/types\/post"}],"author":[{"embeddable":true,"href":"https:\/\/www.noidentity.es\/ke-apps-a\/wp\/v2\/users\/1"}],"replies":[{"embeddable":true,"href":"https:\/\/www.noidentity.es\/ke-apps-a\/wp\/v2\/comments?post=9486"}],"version-history":[{"count":1,"href":"https:\/\/www.noidentity.es\/ke-apps-a\/wp\/v2\/posts\/9486\/revisions"}],"predecessor-version":[{"id":9489,"href":"https:\/\/www.noidentity.es\/ke-apps-a\/wp\/v2\/posts\/9486\/revisions\/9489"}],"wp:featuredmedia":[{"embeddable":true,"href":"https:\/\/www.noidentity.es\/ke-apps-a\/wp\/v2\/media\/9487"}],"wp:attachment":[{"href":"https:\/\/www.noidentity.es\/ke-apps-a\/wp\/v2\/media?parent=9486"}],"wp:term":[{"taxonomy":"category","embeddable":true,"href":"https:\/\/www.noidentity.es\/ke-apps-a\/wp\/v2\/categories?post=9486"},{"taxonomy":"post_tag","embeddable":true,"href":"https:\/\/www.noidentity.es\/ke-apps-a\/wp\/v2\/tags?post=9486"},{"taxonomy":"powerkit_post_featured","embeddable":true,"href":"https:\/\/www.noidentity.es\/ke-apps-a\/wp\/v2\/powerkit_post_featured?post=9486"}],"curies":[{"name":"wp","href":"https:\/\/api.w.org\/{rel}","templated":true}]}}