{"id":9120,"date":"2021-06-05T18:28:41","date_gmt":"2021-06-05T16:28:41","guid":{"rendered":"https:\/\/www.noidentity.es\/este-ano-en-la-24-edicion-del-festival-de-malaga-nuestro-equipo-noidentity-espec\/"},"modified":"2021-10-10T03:28:24","modified_gmt":"2021-10-10T01:28:24","slug":"noidentity-especialistas-de-cine-en-el-24-edicion-del-festival-de-malaga","status":"publish","type":"post","link":"https:\/\/www.noidentity.es\/noidentity-especialistas-de-cine-en-el-24-edicion-del-festival-de-malaga\/","title":{"rendered":"NOIDENTITY-Especialistas de cine en el 24 edici\u00f3n del Festival de M\u00e1laga"},"content":{"rendered":"\nEste a\u00f1o en la 24 edici\u00f3n del Festival de M\u00e1laga nuestro equipo NOIDENTITY-Especialistas de cine estar\u00e1 presente en 5 pel\u00edculas de las diferentes secciones:<br \/>\n&#8211; \u201cHombre muerto no sabe vivir\u201d de Ezekiel Montes en Secci\u00f3n oficial.<br \/>\n&#8211; \u201cLa mancha negra\u201d de Enrique Garc\u00eda y Dylan Moreno y \u201cLa vida que no es nuestra\u201d de Israel Gonz\u00e1lez en la Secci\u00f3n Estrenos especiales.<br \/>\n&#8211; \u201cEl mundo es suyo. Vol 2\u201d de Alfonso S\u00e1nchez y \u201cLas gentiles\u201d de Santi Amodeo en la Secci\u00f3n Neocine M\u00e1laga.<br \/>\nAs\u00ed que muy contentos y a seguir haciendo las cosas bien!!!<br \/>\nStunt coordinator: Joaqu\u00edn Ortega<\/p>\n<p><a href=\"https:\/\/festivaldemalaga.com\/secciones\/seccion-oficial?fbclid=IwAR106ew0EUmox8T2UezANYzydRF9qFtuy07TPz_6Ck2pJ7DR8vO-sqpffIY\" target=\"_blank\" rel=\"nofollow noopener\"><\/a><\/p>\n<p><a href=\"https:\/\/festivaldemalaga.com\/secciones\/seccion-oficial?fbclid=IwAR106ew0EUmox8T2UezANYzydRF9qFtuy07TPz_6Ck2pJ7DR8vO-sqpffIY\" target=\"_blank\" rel=\"nofollow noopener\">Festival de M\u00e1laga<\/a><\/p>\n\n<p><a href=\"https:\/\/www.facebook.com\/185080554873400\/posts\/4152965394751543\">NOIDENTITY<\/a><\/p>\n","protected":false},"excerpt":{"rendered":"<p>Este a\u00f1o en la 24 edici\u00f3n del Festival de M\u00e1laga nuestro equipo NOIDENTITY-Especialistas de cine estar\u00e1 presente en 5 pel\u00edculas de las diferentes secciones: &#8211; \u201cHombre muerto no sabe vivir\u201d&hellip;<\/p>\n","protected":false},"author":1,"featured_media":9121,"comment_status":"open","ping_status":"closed","sticky":false,"template":"","format":"standard","meta":{"kt_blocks_editor_width":""},"categories":[1],"tags":[],"powerkit_post_featured":[],"yoast_head":"<!-- This site is optimized with the Yoast SEO Premium plugin v16.4 (Yoast SEO v16.4) - https:\/\/yoast.com\/wordpress\/plugins\/seo\/ -->\n<title>NOIDENTITY-Especialistas de cine en el 24 edici\u00f3n del Festival de M\u00e1laga &raquo; NOIDENTITY Especialistas de Cine<\/title>\n<meta name=\"robots\" content=\"index, follow, max-snippet:-1, max-image-preview:large, max-video-preview:-1\" \/>\n<link rel=\"canonical\" href=\"https:\/\/www.noidentity.es\/noidentity-especialistas-de-cine-en-el-24-edicion-del-festival-de-malaga\/\" \/>\n<meta property=\"og:locale\" content=\"es_ES\" \/>\n<meta property=\"og:type\" content=\"article\" \/>\n<meta property=\"og:title\" content=\"NOIDENTITY-Especialistas de cine en el 24 edici\u00f3n del Festival de M\u00e1laga &raquo; NOIDENTITY Especialistas de Cine\" \/>\n<meta property=\"og:description\" content=\"Este a\u00f1o en la 24 edici\u00f3n del Festival de M\u00e1laga nuestro equipo NOIDENTITY-Especialistas de cine estar\u00e1 presente en 5 pel\u00edculas de las diferentes secciones: &#8211; \u201cHombre muerto no sabe vivir\u201d&hellip;\" \/>\n<meta property=\"og:url\" content=\"https:\/\/www.noidentity.es\/noidentity-especialistas-de-cine-en-el-24-edicion-del-festival-de-malaga\/\" \/>\n<meta property=\"og:site_name\" content=\"NOIDENTITY - Especialistas de Cine - Stunt Team\" \/>\n<meta property=\"article:publisher\" content=\"https:\/\/www.facebook.com\/NOIDENTITY.Films\/\" \/>\n<meta property=\"article:published_time\" content=\"2021-06-05T16:28:41+00:00\" \/>\n<meta property=\"article:modified_time\" content=\"2021-10-10T01:28:24+00:00\" \/>\n<meta property=\"og:image\" content=\"https:\/\/www.noidentity.es\/ke-media\/2021\/10\/Este-ano-en-la-24-edicion-del-Festival-de-Malaga.png\" \/>\n\t<meta property=\"og:image:width\" content=\"393\" \/>\n\t<meta property=\"og:image:height\" content=\"138\" \/>\n<meta name=\"twitter:card\" content=\"summary_large_image\" \/>\n<meta name=\"twitter:creator\" content=\"@noidentityfilms\" \/>\n<meta name=\"twitter:site\" content=\"@noidentityfilms\" \/>\n<meta name=\"twitter:label1\" content=\"Tiempo de lectura\" \/>\n\t<meta name=\"twitter:data1\" content=\"1 minuto\" \/>\n<!-- \/ Yoast SEO Premium plugin. -->","amp_validity":null,"amp_enabled":true,"_links":{"self":[{"href":"https:\/\/www.noidentity.es\/ke-apps-a\/wp\/v2\/posts\/9120"}],"collection":[{"href":"https:\/\/www.noidentity.es\/ke-apps-a\/wp\/v2\/posts"}],"about":[{"href":"https:\/\/www.noidentity.es\/ke-apps-a\/wp\/v2\/types\/post"}],"author":[{"embeddable":true,"href":"https:\/\/www.noidentity.es\/ke-apps-a\/wp\/v2\/users\/1"}],"replies":[{"embeddable":true,"href":"https:\/\/www.noidentity.es\/ke-apps-a\/wp\/v2\/comments?post=9120"}],"version-history":[{"count":2,"href":"https:\/\/www.noidentity.es\/ke-apps-a\/wp\/v2\/posts\/9120\/revisions"}],"predecessor-version":[{"id":9305,"href":"https:\/\/www.noidentity.es\/ke-apps-a\/wp\/v2\/posts\/9120\/revisions\/9305"}],"wp:featuredmedia":[{"embeddable":true,"href":"https:\/\/www.noidentity.es\/ke-apps-a\/wp\/v2\/media\/9121"}],"wp:attachment":[{"href":"https:\/\/www.noidentity.es\/ke-apps-a\/wp\/v2\/media?parent=9120"}],"wp:term":[{"taxonomy":"category","embeddable":true,"href":"https:\/\/www.noidentity.es\/ke-apps-a\/wp\/v2\/categories?post=9120"},{"taxonomy":"post_tag","embeddable":true,"href":"https:\/\/www.noidentity.es\/ke-apps-a\/wp\/v2\/tags?post=9120"},{"taxonomy":"powerkit_post_featured","embeddable":true,"href":"https:\/\/www.noidentity.es\/ke-apps-a\/wp\/v2\/powerkit_post_featured?post=9120"}],"curies":[{"name":"wp","href":"https:\/\/api.w.org\/{rel}","templated":true}]}}