{"id":8561,"date":"2021-09-16T13:06:31","date_gmt":"2021-09-16T11:06:31","guid":{"rendered":"https:\/\/2021.noidentity.es\/y-aqui-os-dejamos-el-primer-trailer-de-la-pelicula-de-terror-la-pasajera-de-lo\/"},"modified":"2021-10-06T06:20:51","modified_gmt":"2021-10-06T04:20:51","slug":"primer-trailer-pelicula-de-terror-la-pasajera-directores-fernando-gonzalez-y-raul-cerezo","status":"publish","type":"post","link":"https:\/\/www.noidentity.es\/primer-trailer-pelicula-de-terror-la-pasajera-directores-fernando-gonzalez-y-raul-cerezo\/","title":{"rendered":"Primer trailer, pel\u00edcula de terror \u201cLa pasajera\u201d. Directores Fernando Gonz\u00e1lez y Ra\u00fal Cerezo"},"content":{"rendered":"\n<\/p>\n<div>\n<p>Y aqu\u00ed os dejamos el primer trailer de la pel\u00edcula de terror \u201cLa pasajera\u201d de los directores <a href=\"https:\/\/facebook.com\/fgonzalezgomez?__tn__=%2As-R\" target=\"_blank\" rel=\"nofollow noopener\">Fernando Gonzalez<\/a> y Ra\u00fal Cerezo, y donde <a href=\"https:\/\/facebook.com\/joaquin.ortega.127?__tn__=%2As-R\" target=\"_blank\" rel=\"nofollow noopener\">Joaqu\u00edn Ortega<\/a> fue el coordinador de acci\u00f3n con nuestro equipo NOIDENTITY-Especialistas de cine. Pronto se presentar\u00e1 en el <a href=\"https:\/\/facebook.com\/sitgesfilmfestival\/?__tn__=%2As-R\" target=\"_blank\" rel=\"nofollow noopener\">SITGES Festival Internacional de Cinema Fant\u00e0stic de Catalunya<\/a>!!!<\/p>\n<\/div>\n<div>\n<p>Presentamos en exclusiva el primer tr\u00e1iler de LA PASAJERA, un vibrante adelanto con autoestopistas y extra\u00f1as formas en la noche a ritmo de pasodoble de la pel\u00edcula de terror de Ra\u00fal Cerezo y Fernando Gonz\u00e1lez, que ser\u00e1 estrenada en <a class=\"_5ayv _qdx\" href=\"https:\/\/facebook.com\/hashtag\/sitges2021?__tn__=%2AsH-R\" target=\"_blank\" rel=\"nofollow noopener\"><span class=\"_5aw4 _qdz\">#sitges2021<\/span><\/a><\/p>\n<\/div>\n<div id=\"fb-root\"><\/div><script>window.fbAsyncInit = function() {FB.init({appId      : '',xfbml      : true,version    : 'v2.5'});var my_video_player;FB.Event.subscribe('xfbml.ready', function(msg) {if (msg.type === 'video') {my_video_player = msg.instance; my_video_player.unmute();}});};(function(d, s, id) {  var js, fjs = d.getElementsByTagName(s)[0];  if (d.getElementById(id)) return;  js = d.createElement(s); js.id = id;  js.src = \"\/\/connect.facebook.net\/en_US\/sdk.js#xfbml=1&version=v2.3\";  fjs.parentNode.insertBefore(js, fjs);}(document, 'script', 'facebook-jssdk'));  <\/script><div class=\"fb-video\"    data-autoplay=\"false\" data-allowfullscreen=\"true\" data-href=\"https:\/\/www.facebook.com\/video.php?v=890753491842917&set=vb.500808182&type=1\"><div class=\"fb-xfbml-parse-ignore\"><\/div><\/div>\n\n\n\t\n\n\n\n<p><a href=\"https:\/\/www.facebook.com\/185080554873400\/posts\/4451252508256162\">NOIDENTITY<\/a><\/p>\n","protected":false},"excerpt":{"rendered":"<p>Y aqu\u00ed os dejamos el primer trailer de la pel\u00edcula de terror \u201cLa pasajera\u201d de los directores Fernando Gonzalez y Ra\u00fal Cerezo, y donde Joaqu\u00edn Ortega fue el coordinador de&hellip;<\/p>\n","protected":false},"author":1,"featured_media":8562,"comment_status":"open","ping_status":"closed","sticky":false,"template":"","format":"standard","meta":{"kt_blocks_editor_width":""},"categories":[1],"tags":[852],"powerkit_post_featured":[],"yoast_head":"<!-- This site is optimized with the Yoast SEO Premium plugin v16.4 (Yoast SEO v16.4) - https:\/\/yoast.com\/wordpress\/plugins\/seo\/ -->\n<title>Primer trailer, pel\u00edcula de terror \u201cLa pasajera\u201d. Directores Fernando Gonz\u00e1lez y Ra\u00fal Cerezo &raquo; NOIDENTITY Especialistas de Cine<\/title>\n<meta name=\"robots\" content=\"index, follow, max-snippet:-1, max-image-preview:large, max-video-preview:-1\" \/>\n<link rel=\"canonical\" href=\"https:\/\/www.noidentity.es\/primer-trailer-pelicula-de-terror-la-pasajera-directores-fernando-gonzalez-y-raul-cerezo\/\" \/>\n<meta property=\"og:locale\" content=\"es_ES\" \/>\n<meta property=\"og:type\" content=\"article\" \/>\n<meta property=\"og:title\" content=\"Primer trailer, pel\u00edcula de terror \u201cLa pasajera\u201d. Directores Fernando Gonz\u00e1lez y Ra\u00fal Cerezo &raquo; NOIDENTITY Especialistas de Cine\" \/>\n<meta property=\"og:description\" content=\"Y aqu\u00ed os dejamos el primer trailer de la pel\u00edcula de terror \u201cLa pasajera\u201d de los directores Fernando Gonzalez y Ra\u00fal Cerezo, y donde Joaqu\u00edn Ortega fue el coordinador de&hellip;\" \/>\n<meta property=\"og:url\" content=\"https:\/\/www.noidentity.es\/primer-trailer-pelicula-de-terror-la-pasajera-directores-fernando-gonzalez-y-raul-cerezo\/\" \/>\n<meta property=\"og:site_name\" content=\"NOIDENTITY - Especialistas de Cine - Stunt Team\" \/>\n<meta property=\"article:publisher\" content=\"https:\/\/www.facebook.com\/NOIDENTITY.Films\/\" \/>\n<meta property=\"article:published_time\" content=\"2021-09-16T11:06:31+00:00\" \/>\n<meta property=\"article:modified_time\" content=\"2021-10-06T04:20:51+00:00\" \/>\n<meta property=\"og:image\" content=\"https:\/\/www.noidentity.es\/ke-media\/2021\/10\/Y-aqui-os-dejamos-el-primer-trailer-de-la-pelicula.jpg\" \/>\n\t<meta property=\"og:image:width\" content=\"960\" \/>\n\t<meta property=\"og:image:height\" content=\"540\" \/>\n<meta name=\"twitter:card\" content=\"summary_large_image\" \/>\n<meta name=\"twitter:creator\" content=\"@noidentityfilms\" \/>\n<meta name=\"twitter:site\" content=\"@noidentityfilms\" \/>\n<meta name=\"twitter:label1\" content=\"Tiempo de lectura\" \/>\n\t<meta name=\"twitter:data1\" content=\"1 minuto\" \/>\n<!-- \/ Yoast SEO Premium plugin. -->","amp_validity":null,"amp_enabled":true,"_links":{"self":[{"href":"https:\/\/www.noidentity.es\/ke-apps-a\/wp\/v2\/posts\/8561"}],"collection":[{"href":"https:\/\/www.noidentity.es\/ke-apps-a\/wp\/v2\/posts"}],"about":[{"href":"https:\/\/www.noidentity.es\/ke-apps-a\/wp\/v2\/types\/post"}],"author":[{"embeddable":true,"href":"https:\/\/www.noidentity.es\/ke-apps-a\/wp\/v2\/users\/1"}],"replies":[{"embeddable":true,"href":"https:\/\/www.noidentity.es\/ke-apps-a\/wp\/v2\/comments?post=8561"}],"version-history":[{"count":3,"href":"https:\/\/www.noidentity.es\/ke-apps-a\/wp\/v2\/posts\/8561\/revisions"}],"predecessor-version":[{"id":9253,"href":"https:\/\/www.noidentity.es\/ke-apps-a\/wp\/v2\/posts\/8561\/revisions\/9253"}],"wp:featuredmedia":[{"embeddable":true,"href":"https:\/\/www.noidentity.es\/ke-apps-a\/wp\/v2\/media\/8562"}],"wp:attachment":[{"href":"https:\/\/www.noidentity.es\/ke-apps-a\/wp\/v2\/media?parent=8561"}],"wp:term":[{"taxonomy":"category","embeddable":true,"href":"https:\/\/www.noidentity.es\/ke-apps-a\/wp\/v2\/categories?post=8561"},{"taxonomy":"post_tag","embeddable":true,"href":"https:\/\/www.noidentity.es\/ke-apps-a\/wp\/v2\/tags?post=8561"},{"taxonomy":"powerkit_post_featured","embeddable":true,"href":"https:\/\/www.noidentity.es\/ke-apps-a\/wp\/v2\/powerkit_post_featured?post=8561"}],"curies":[{"name":"wp","href":"https:\/\/api.w.org\/{rel}","templated":true}]}}